{"id":1733,"date":"2016-10-17T13:21:41","date_gmt":"2016-10-17T12:21:41","guid":{"rendered":"http:\/\/magriffeetmaplume.com\/?p=1733"},"modified":"2017-03-14T00:11:38","modified_gmt":"2017-03-13T23:11:38","slug":"lisa-mc-garry-a-la-tete-de-mobeefox-et-mizenboite-on-ne-peut-developper-une-entreprise-sans-faire-un-travail-sur-soi","status":"publish","type":"post","link":"http:\/\/magriffeetmaplume.com\/?p=1733","title":{"rendered":"Lisa Mc Garry, \u00e0 la t\u00eate de Mobeefox et Mizenbo\u00eete&#160;: \u00ab&#160;On ne peut d\u00e9velopper une entreprise sans faire un travail sur soi&#160;\u00bb"},"content":{"rendered":"<p>Lisa McGarry est dirigeante de Mobeefox, une start-up qui permet de cr\u00e9er des interfaces mobiles multim\u00e9dia, et depuis peu de l\u2019imprimerie-fa\u00e7onnage Mizenbo\u00eete. Elle partage avec nous les le\u00e7ons qu\u2019elle a su tirer de son parcours, avec ses r\u00e9ussites et ses emb\u00fbches. Une chef d\u2019entreprise douce et courageuse, passionn\u00e9e de coaching.<\/p>\n<p><a href=\"http:\/\/magriffeetmaplume.com\/wp-content\/uploads\/2017\/03\/Lisa_Mc_Garry.jpg\"><img loading=\"lazy\" decoding=\"async\" class=\"alignnone size-large wp-image-1734\" src=\"http:\/\/magriffeetmaplume.com\/wp-content\/uploads\/2017\/03\/Lisa_Mc_Garry-1024x502.jpg\" alt=\"\" width=\"1024\" height=\"502\" srcset=\"http:\/\/magriffeetmaplume.com\/wp-content\/uploads\/2017\/03\/Lisa_Mc_Garry-1024x502.jpg 1024w, http:\/\/magriffeetmaplume.com\/wp-content\/uploads\/2017\/03\/Lisa_Mc_Garry-300x147.jpg 300w, http:\/\/magriffeetmaplume.com\/wp-content\/uploads\/2017\/03\/Lisa_Mc_Garry-768x376.jpg 768w, http:\/\/magriffeetmaplume.com\/wp-content\/uploads\/2017\/03\/Lisa_Mc_Garry-1080x529.jpg 1080w, http:\/\/magriffeetmaplume.com\/wp-content\/uploads\/2017\/03\/Lisa_Mc_Garry.jpg 1200w\" sizes=\"auto, (max-width: 1024px) 100vw, 1024px\" \/><\/a><\/p>\n<p><strong><span class=\"ckeditor-gold-text\">Mobeefox vient de remporter un prix au concours L\u00e9pine. Comment vis-tu cette r\u00e9compense&#160;?<\/span><\/strong><\/p>\n<p>Je suis tr\u00e8s heureuse et fi\u00e8re, il y avait quand m\u00eame quelque 530 projets au total&#160;! Nous avons re\u00e7u la M\u00e9daille du secr\u00e9tariat d\u2019Etat charg\u00e9 du commerce ext\u00e9rieur, de la promotion du tourisme et des Fran\u00e7ais de l\u2019\u00e9tranger (qui d\u00e9pend du Minist\u00e8re des Affaires \u00c9trang\u00e8res). On s\u2019\u00e9tait dit \u00ab&#160;on participe&#160;\u00bb, mais on n\u2019avait pas d\u2019objectifs sp\u00e9ciaux&#8230; Alors c\u2019est une tr\u00e8s belle surprise&#160;! Mobeefox a \u00e9t\u00e9 r\u00e9compens\u00e9 car c\u2019est un produit qui peut \u00eatre multilingue en un instant, et qui peut \u00eatre accessible \u00e0 tout type de culture et d\u2019utilisation. Son lancement en 2006 nous a demand\u00e9 beaucoup d\u2019efforts et de pers\u00e9v\u00e9rance, alors on savoure vraiment cette reconnaissance, d\u2019autant plus que l\u00e0 l\u2019activit\u00e9 est en pleine expansion&#160;!<\/p>\n<p><strong><span class=\"ckeditor-gold-text\">Peux-tu nous parler de ton parcours, avant la cr\u00e9ation de Mobeefox\u2026<\/span><\/strong><\/p>\n<p>Je suis Irlandaise et j\u2019ai fait mes \u00e9tudes en France. J\u2019ai pass\u00e9 le bac et un BTS de communication, que je n\u2019ai d\u2019ailleurs pas obtenus, \u00e0 \u00ab&#160;z\u00e9ro-virgule-quelques-points&#160;\u00bb pr\u00e8s, tous les deux&#160;!&#160;! Sur le moment, je l\u2019ai plut\u00f4t mal v\u00e9cu&#160;! Cela faisait peu de temps que j\u2019\u00e9tais en France, et je n\u2019\u00e9tais pas tr\u00e8s forte \u00e0 l\u2019\u00e9crit. Quand, il y a quelques ann\u00e9es, j\u2019ai pass\u00e9 et obtenu un Master en Coaching \u00e0 Paris, cela a \u00e9t\u00e9 pour moi une petite victoire. Comme quoi cela avait laiss\u00e9 des traces&#160;! En France, on attache beaucoup trop d\u2019importance aux dipl\u00f4mes&#160;!<\/p>\n<p><strong><span class=\"ckeditor-gold-text\">Il y a une grande diff\u00e9rence avec l\u2019Irlande&#160;?<\/span><\/strong><\/p>\n<p>Bien s\u00fbr, dans la culture anglo-saxonne en g\u00e9n\u00e9ral, on consid\u00e8re qu\u2019il n\u2019y a pas d\u2019\u00e9checs, il n\u2019y a que des exp\u00e9riences&#160;! Le dipl\u00f4me n\u2019est que la validation par un certain corps d\u2019une mani\u00e8re de penser. On ne devrait pas recruter sur un cv, ni sur des dipl\u00f4mes, mais sur des comp\u00e9tences, des capacit\u00e9s et des motivations&#160;! Le \u00ab&#160;savoir-\u00eatre&#160;\u00bb, c\u2019est \u00e7a qui est important&#160;! C\u2019est \u00e0 cela que je pense quand je fais passer des entretiens de recrutement&#160;: chercher avant tout ce que la personne a envie de faire et d\u2019apprendre.<\/p>\n<p><strong><span class=\"ckeditor-gold-text\">Apr\u00e8s tes \u00e9tudes, tu as travaill\u00e9 dans la communication&#160;?<\/span><\/strong><\/p>\n<p>J\u2019ai d\u2019abord \u00e9t\u00e9 assistante de direction bilingue, puis j\u2019ai travaill\u00e9 dans la communication et le marketing, comme consultante, directrice artistique, enseignante\u2026 La transmission est une de mes passions. En\u00a0 2001, mon compagnon Jean-Richard Maguet et moi sommes devenus entrepreneurs, par le rachat de deux entreprises. D\u2019abord une entreprise d\u2019\u00e9dition de logiciels \u00e0 Ch\u00e2teauroux, qui comprenait six personnes et avait un CA de 600 000 euros. C\u2019\u00e9tait un d\u00e9part en retraite, avec un plan de continuation\u2026 Suivi de trois croissances externes. Puis une web agency parisienne\u2026 Pendant sept ans, j\u2019ai co-dirig\u00e9 avec lui cette entreprise, qui comprenait en tout 25 personnes, sur deux sites. Quand en 2008 nous avons revendu, l\u2019entreprise faisait 2,5 millions de chiffre d&rsquo;affaires.<\/p>\n<p><strong><span class=\"ckeditor-gold-text\">C\u2019\u00e9tait donc une belle r\u00e9ussite&#160;; pour quelles raisons avez-vous revendu l\u2019entreprise&#160;?<\/span><\/strong><\/p>\n<p>Les choses se passaient mal pour notre fils \u00e0 l\u2019\u00e9cole, pour des raisons de sant\u00e9&#160;; nous avons d\u00e9cid\u00e9 de donner priorit\u00e9 \u00e0 son bien-\u00eatre. Nous avons voulu nous rapprocher de notre famille, qui est dans le Sud-Finist\u00e8re. C\u2019\u00e9tait important qu\u2019on se recentre sur notre famille, et qu\u2019on prenne du recul. Aujourd\u2019hui notre fils est heureux, et il va bien&#160;! En nous installant en Bretagne, nous avons trouv\u00e9 un nouvel \u00e9quilibre.<\/p>\n<p><a href=\"http:\/\/magriffeetmaplume.com\/wp-content\/uploads\/2017\/03\/lisa_mc_garry_concours_lepine_mizenboite.jpg\"><img loading=\"lazy\" decoding=\"async\" class=\"alignnone wp-image-1735 size-medium\" src=\"http:\/\/magriffeetmaplume.com\/wp-content\/uploads\/2017\/03\/lisa_mc_garry_concours_lepine_mizenboite-300x225.jpg\" alt=\"\" width=\"300\" height=\"225\" srcset=\"http:\/\/magriffeetmaplume.com\/wp-content\/uploads\/2017\/03\/lisa_mc_garry_concours_lepine_mizenboite-300x225.jpg 300w, http:\/\/magriffeetmaplume.com\/wp-content\/uploads\/2017\/03\/lisa_mc_garry_concours_lepine_mizenboite-768x576.jpg 768w, http:\/\/magriffeetmaplume.com\/wp-content\/uploads\/2017\/03\/lisa_mc_garry_concours_lepine_mizenboite.jpg 1024w, http:\/\/magriffeetmaplume.com\/wp-content\/uploads\/2017\/03\/lisa_mc_garry_concours_lepine_mizenboite-510x382.jpg 510w\" sizes=\"auto, (max-width: 300px) 100vw, 300px\" \/><\/a><\/p>\n<p><strong><span class=\"ckeditor-gold-text\">Cela avait \u00e9t\u00e9 un de tes souhaits de devenir chef d\u2019entreprise&#160;?<\/span><\/strong><\/p>\n<p>Non, pas \u00e0 ce moment l\u00e0, c\u2019\u00e9tait plut\u00f4t le projet de mon compagnon, et moi j\u2019\u00e9tais en second, j\u2019\u00e9tais en position d\u2019ex\u00e9cutante. Je ne m\u2019\u00e9panouissais pas vraiment, j&rsquo;\u00e9tais m\u00eame en souffrance. L\u2019entreprise pour moi, c\u2019\u00e9tait surtout du stress, voire des angoisses. Aujourd&rsquo;hui c&rsquo;est tr\u00e8s diff\u00e9rent&#160;!<\/p>\n<div class=\"rtejustify\">\n<p><strong><span class=\"ckeditor-gold-text\">C\u2019est \u00e0 cette p\u00e9riode que tu as d\u00e9cid\u00e9 de faire une formation de coach&#160;?<\/span><\/strong><\/p>\n<p>Oui. En fait Jean-Richard et moi avons eu besoin de vraiment prendre du recul, de comprendre le v\u00e9cu que nous avions eu \u00e0 la t\u00eate de l\u2019entreprise. Pendant la p\u00e9riode de vente de notre maison, il a fait un Master 2 en Management et organisation au CNAM, et moi une formation en Psychologie du travail et un Master 1 en Coaching \u00e0 Paris VIII. Et pour mieux comprendre les m\u00e9canismes qui s&rsquo;\u00e9taient jou\u00e9s, tous les deux on a fait une formation de d\u00e9veloppement personnel de douze jours, une exp\u00e9rience tr\u00e8s intense&#160;! Cela nous a vraiment \u00ab&#160;d\u00e9crass\u00e9&#160;\u00bb de notre posture de chef d\u2019entreprise&#160;!<\/p>\n<\/div>\n<div class=\"rtejustify\">\n<p><strong><span class=\"ckeditor-gold-text\">&#8230; C\u2019est-\u00e0-dire&#160;?<\/span><\/strong><\/p>\n<p>Cela nous a fait grandir et changer tous les deux. On ne peut d\u00e9velopper une entreprise sans faire un travail sur soi, car la personne et l&rsquo;entreprise sont indissociables. Depuis la formation, j&rsquo;ai coach\u00e9 d\u2019autres chefs d\u2019entreprise mais maintenant, j\u2019ai mis cette casquette de c\u00f4t\u00e9. Par contre, j\u2019utilise au quotidien tout ce que j\u2019ai appris, notamment avec mes clients, pour l\u2019activit\u00e9 \u00ab&#160;conseil en strat\u00e9gie de communication&#160;\u00bb qui s\u2019est d\u00e9velopp\u00e9e naturellement avec Mobeefox. J\u2019accompagne mes clients depuis la r\u00e9flexion jusqu\u2019au lancement des produits, avec l\u2019envie de les rendre autonomes. C\u2019est \u00e7a qui est enthousiasmant. Et ils sentent que je ne suis pas l\u00e0 pour faire du business sur leur dos, il se b\u00e2t\u00eet une confiance. On avance ensemble\u2026<\/p>\n<p><strong><span class=\"ckeditor-gold-text\">Parle-nous de Mobeefox&#160;? Comment l\u2019id\u00e9e t\u2019est-elle venue&#160;?\u00a0<\/span><\/strong><\/p>\n<p>En arrivant en Bretagne, suite \u00e0 la vente de notre entreprise, nous avons cherch\u00e9, mon compagnon et moi, comment r\u00e9pondre au mieux, avec notre expertise et notre exp\u00e9rience, aux nouveaux comportements des consommateurs, tout en r\u00e9pondant aux besoins des entreprises de toutes tailles d\u2019avoir des outils simples pour communiquer\u2026 Mobeefox est n\u00e9 de cette r\u00e9flexion. C\u2019est un site internet responsive (qui peut se lire sur les \u00e9crans de t\u00e9l\u00e9phone mobile), avec des fonctionnalit\u00e9s d\u2019application. C\u2019est un hybride entre le site et l\u2019application mobile, sans qu\u2019il y ait quoi que ce soit \u00e0 t\u00e9l\u00e9charger pour l\u2019utilisateur final. C\u2019est une application \u00ab&#160;acc\u00e8s libre&#160;\u00bb, \u00ab&#160;cloud&#160;\u00bb accessible via des technologies sans contact.<\/p>\n<\/div>\n<div class=\"rtejustify\">\n<p><strong><span class=\"ckeditor-gold-text\">Quelle est son originalit\u00e9&#160;?<\/span><\/strong><\/p>\n<p>Tout d\u2019abord, le consommateur peut acc\u00e9der rapidement au site Mobeefox en flashant un QR-code ou un tag NFC, mis sur le support de communication ou la PLV (publicit\u00e9 sur le lieu de vente).\u00a0Sur un packaging ou sur une \u00e9tiquette, l\u2019espace est limit\u00e9, or il faut savoir qu\u2019il y a de plus en plus de mentions l\u00e9gales \u00e0 indiquer. C\u2019est le cas par exemple dans l\u2019agro-alimentaire, la cosm\u00e9tique. Il ne reste plus beaucoup de place pour d\u2019autres informations sur le produit&#160;: le dernier mode d\u2019emploi, une vid\u00e9o tutorielle, la fid\u00e9lisation, l\u2019interactivit\u00e9 &#8211; tout ce qui concerne les \u00e9changes avec le client -. Avec la solution Mobeefox, une entreprise peut vraiment apporter \u00e0 ses clients un suppl\u00e9ment d\u2019informations.<\/p>\n<p>De plus, le QR-code de Mobeefox est permanent, il n\u2019a pas besoin d\u2019\u00eatre renouvel\u00e9. Il met \u00e0 jour en temps r\u00e9el toutes les informations et fonctionnalit\u00e9s de l\u2019application. Plus besoin de changer le packaging ou de r\u00e9imprimer de la documentation&#160;! Et en d\u00e9mat\u00e9rialisant l\u2019information, on fait des \u00e9conomies de papier et carton&#160;! C\u2019est un co\u00fbt en moins pour l\u2019entreprise et un geste en plus pour la plan\u00e8te.<\/p>\n<p><strong><span class=\"ckeditor-gold-text\">Peux-tu nous pr\u00e9senter maintenant Mizenbo\u00eete&#160;?<\/span><\/strong><\/p>\n<p>Mizenbo\u00eete est l\u2019entreprise que nous venons de racheter, \u00e0 Pordic, dans les C\u00f4tes d\u2019Armor &#8211; anciennement SH Imprimeur -. C\u2019est un des deux seuls imprimeurs-fa\u00e7onniers en Bretagne. Au d\u00e9part, nous voulions acheter une agence de communication pour r\u00e9pondre aux besoins des clients de Mobeefox. Nous avions vu une annonce pour une petite agence. Dans les m\u00eames locaux se trouvait l\u2019imprimerie&#8230; On a visit\u00e9 le site et on est tomb\u00e9s amoureux de cette activit\u00e9 artisanale&#160;! C\u2019est du pliage-collage \u00e0 base de carton plat. Une belle entreprise qui a un vrai savoir-faire\u2026 Elle r\u00e9alise du packaging de petites et moyennes s\u00e9ries, et il y en a tr\u00e8s peu qui font \u00e7ela. On peut aller de 1 bo\u00eete \u00e0 200 000 bo\u00eetes&#160;!<\/p>\n<p><strong><span class=\"ckeditor-gold-text\">Racheter une petite imprimerie ne faisait pas partie des plans\u2026<\/span><\/strong><\/p>\n<p>Pas du tout&#160;! Mais c\u2019est \u00e7a la vie d\u2019une entreprise, il faut saisir les opportunit\u00e9s et \u00e9couter ses intuitions. Le rachat s\u2019est fait tr\u00e8s rapidement, je crois que c\u2019est m\u00eame du jamais vu de ce point de vue&#160;! On a rencontr\u00e9 le directeur le 26 octobre, on a sign\u00e9 le protocole d\u2019acquisition avant la fin d\u00e9cembre et on a fait le rachat le 1er avril.\u00a0 Comme on \u00e9tait d\u00e9j\u00e0 pr\u00e9sents dans l\u2019activit\u00e9 depuis le 1er janvier, et qu\u2019on a eu trois mois d\u2019int\u00e9gration, tout s\u2019est pass\u00e9 vite et bien. Et puis c\u2019est vrai que nous commen\u00e7ons \u00e0 avoir un peu d\u2019exp\u00e9rience\u2026<\/p>\n<\/div>\n<div class=\"rtejustify\">\n<div class=\"rtejustify\">\n<p><strong><span class=\"ckeditor-gold-text\">Cette activit\u00e9 artisanale est \u00e0 l\u2019oppos\u00e9 des technologies en ligne\u2026<\/span><\/strong><\/p>\n<p>Oui, avec l\u2019activit\u00e9 fa\u00e7onnage de Mizenbo\u00eete, on est dans le traditionnel, avec des choses palpables, et \u00e7a me pla\u00eet&#160;! Mobeefox est \u00e0 la pointe des technologies&#160;; donc on allie le futur et la tradition, et on a deux activit\u00e9s compl\u00e9mentaires. C\u2019est une belle aventure&#160;! Pour moi qui suis une cr\u00e9ative, le tournant que nous venons de prendre me convient vraiment bien.<\/p>\n<\/div>\n<div class=\"rtejustify\"><\/div>\n<div class=\"rtejustify\">\n<p><a href=\"http:\/\/magriffeetmaplume.com\/wp-content\/uploads\/2017\/03\/mobeefox.jpg\"><img loading=\"lazy\" decoding=\"async\" class=\"alignnone wp-image-1736 size-medium\" src=\"http:\/\/magriffeetmaplume.com\/wp-content\/uploads\/2017\/03\/mobeefox-300x111.jpg\" alt=\"\" width=\"300\" height=\"111\" srcset=\"http:\/\/magriffeetmaplume.com\/wp-content\/uploads\/2017\/03\/mobeefox-300x111.jpg 300w, http:\/\/magriffeetmaplume.com\/wp-content\/uploads\/2017\/03\/mobeefox-768x285.jpg 768w, http:\/\/magriffeetmaplume.com\/wp-content\/uploads\/2017\/03\/mobeefox.jpg 850w\" sizes=\"auto, (max-width: 300px) 100vw, 300px\" \/><\/a><a href=\"http:\/\/magriffeetmaplume.com\/wp-content\/uploads\/2017\/03\/mizenboite.jpg\"><img loading=\"lazy\" decoding=\"async\" class=\"alignnone wp-image-1737 size-medium\" src=\"http:\/\/magriffeetmaplume.com\/wp-content\/uploads\/2017\/03\/mizenboite-300x300.jpg\" alt=\"\" width=\"300\" height=\"300\" srcset=\"http:\/\/magriffeetmaplume.com\/wp-content\/uploads\/2017\/03\/mizenboite-300x300.jpg 300w, http:\/\/magriffeetmaplume.com\/wp-content\/uploads\/2017\/03\/mizenboite-150x150.jpg 150w, http:\/\/magriffeetmaplume.com\/wp-content\/uploads\/2017\/03\/mizenboite-768x768.jpg 768w, http:\/\/magriffeetmaplume.com\/wp-content\/uploads\/2017\/03\/mizenboite-144x144.jpg 144w, http:\/\/magriffeetmaplume.com\/wp-content\/uploads\/2017\/03\/mizenboite.jpg 960w\" sizes=\"auto, (max-width: 300px) 100vw, 300px\" \/><\/a><\/p>\n<p><strong><span class=\"ckeditor-gold-text\">Tu disais que le lancement de l\u2019entreprise avait \u00e9t\u00e9 difficile\u2026<\/span><\/strong><\/p>\n<p>Au lancement de Mobeefox, qui \u00e9tait pr\u00e9curseur, il a fallu \u00e9vang\u00e9liser avant de pouvoir vendre. Il y a eu des moments tr\u00e8s difficiles, o\u00f9 on a \u00e9t\u00e9 \u00e0 deux doigts de se d\u00e9courager&#160;! De plus, je souffre du dos depuis quatre ans, au point que je dois prendre des cachets au quotidien. Certains jours, j\u2019ai du mal \u00e0 marcher\u2026 Heureusement, je suis prise en charge par la clinique de la douleur \u00e0 Vannes, et ils sont formidables. Je suis beaucoup plus mobile d\u00e9j\u00e0, et toutes les portes sont ouvertes&#160;! Mon dos n\u2019est plus un frein comme il l\u2019a \u00e9t\u00e9\u2026<\/p>\n<\/div>\n<div class=\"rtejustify\">\n<p><strong><span class=\"ckeditor-gold-text\">Tout ce surcro\u00eet de travail ne t\u2019effraie pas&#160;?<\/span><\/strong><\/p>\n<p>Et bien comme \u00e0 mon habitude, je ne regarde pas la montagne, je regarde mes pieds&#160;! C\u2019est vraiment pas \u00e0 pas que l\u2019on fait son chemin. Je prends les obstacles un par un, et alors ce ne sont plus des obstacles. J\u2019ai beaucoup de travail, mais c\u2019est un bon signe. On lance des recrutements en ce moment&#160;!<br \/>\nReprendre une entreprise suppose aussi de g\u00e9rer de nouvelles \u00e9quipes, ta formation en coaching doit t\u2019\u00eatre utile&#160;!<br \/>\nOui pendant cette formation j\u2019ai \u00e9tudi\u00e9 diverses techniques, comme l\u2019analyse transactionnelle ou la communication\u00a0 non-violente, dans laquelle l\u2019\u00e9coute est primordiale. Il faut \u00eatre capable de s\u2019exprimer quand \u00e7a va bien, mais aussi quand \u00e7a va mal. C\u2019est tr\u00e8s important de savoir se parler. Cela fait tr\u00e8s peu de temps qu\u2019on a repris l\u2019entreprise Mizenboite, mais je vois qu\u2019il y a d\u00e9j\u00e0 des r\u00e9sultats notables. C\u2019est un travail de tous les jours. Bien entendu, si on veut apaiser, il faut d\u2019abord \u00eatre apais\u00e9 soi-m\u00eame. Il faut avoir fait un travail sur soi en premier&#160;! La cl\u00e9 c\u2019est de remettre l\u2019humain au centre de tout.<\/p>\n<\/div>\n<\/div>\n<div class=\"rtejustify\">\n<p><strong><span class=\"ckeditor-gold-text\">As-tu des conseils pour rester zen dans les situations tr\u00e8s tendues&#160;?<\/span><\/strong><\/p>\n<p>L\u2019outil le plus important c\u2019est&#160;: relativiser. On s\u2019arr\u00eate et on prend quelques minutes, on ne fait rien. Ensuite on dresse la liste des priorit\u00e9s. Il faut savoir aussi l\u00e2cher prise sur les choses qu\u2019on ne peut pas faire. Se dire&#160;: j\u2019ai fait de mon mieux\u2026 Selon moi pour \u00eatre un bon chef d\u2019entreprise, il faut apprendre \u00e0 apprendre. Moi j\u2019ai d\u2019abord appris sur le tas, au quotidien, par n\u00e9cessit\u00e9, pas toujours dans le plaisir. Aujourd\u2019hui c\u2019est un vrai plaisir pour moi d\u2019apprendre. Performance et plaisir doivent aller de pair&#160;!<\/p>\n<p><strong><span class=\"ckeditor-gold-text\">Pour finir, comment fais-tu pour te ressourcer&#160;?<\/span><\/strong><\/p>\n<p>Je pars faire du bateau&#160;! En bonne irlandaise, j\u2019ai besoin de la mer\u2026 Et j\u2019ai de la chance, entre mon domicile \u00e0 Belz et mon nouveau bureau \u00e0 Pordic&#160;!<\/p>\n<\/div>\n","protected":false},"excerpt":{"rendered":"<p>Lisa McGarry est dirigeante de Mobeefox, une start-up qui permet de cr\u00e9er des interfaces mobiles multim\u00e9dia, et depuis peu de l\u2019imprimerie-fa\u00e7onnage Mizenbo\u00eete. Elle partage avec nous les le\u00e7ons qu\u2019elle a su tirer de son parcours, avec ses r\u00e9ussites et ses emb\u00fbches. Une chef d\u2019entreprise douce et courageuse, passionn\u00e9e de coaching. Mobeefox vient de remporter un [&hellip;]<\/p>\n","protected":false},"author":1,"featured_media":0,"comment_status":"open","ping_status":"open","sticky":false,"template":"","format":"standard","meta":{"_et_pb_use_builder":"","_et_pb_old_content":"","_et_gb_content_width":"","_monsterinsights_skip_tracking":false,"_monsterinsights_sitenote_active":false,"_monsterinsights_sitenote_note":"","_monsterinsights_sitenote_category":0,"footnotes":""},"categories":[25,27,24,28,31],"tags":[],"class_list":["post-1733","post","type-post","status-publish","format-standard","hentry","category-bretagne","category-entreprenariat","category-femme","category-numerique","category-start-up"],"aioseo_notices":[],"_links":{"self":[{"href":"http:\/\/magriffeetmaplume.com\/index.php?rest_route=\/wp\/v2\/posts\/1733","targetHints":{"allow":["GET"]}}],"collection":[{"href":"http:\/\/magriffeetmaplume.com\/index.php?rest_route=\/wp\/v2\/posts"}],"about":[{"href":"http:\/\/magriffeetmaplume.com\/index.php?rest_route=\/wp\/v2\/types\/post"}],"author":[{"embeddable":true,"href":"http:\/\/magriffeetmaplume.com\/index.php?rest_route=\/wp\/v2\/users\/1"}],"replies":[{"embeddable":true,"href":"http:\/\/magriffeetmaplume.com\/index.php?rest_route=%2Fwp%2Fv2%2Fcomments&post=1733"}],"version-history":[{"count":5,"href":"http:\/\/magriffeetmaplume.com\/index.php?rest_route=\/wp\/v2\/posts\/1733\/revisions"}],"predecessor-version":[{"id":1839,"href":"http:\/\/magriffeetmaplume.com\/index.php?rest_route=\/wp\/v2\/posts\/1733\/revisions\/1839"}],"wp:attachment":[{"href":"http:\/\/magriffeetmaplume.com\/index.php?rest_route=%2Fwp%2Fv2%2Fmedia&parent=1733"}],"wp:term":[{"taxonomy":"category","embeddable":true,"href":"http:\/\/magriffeetmaplume.com\/index.php?rest_route=%2Fwp%2Fv2%2Fcategories&post=1733"},{"taxonomy":"post_tag","embeddable":true,"href":"http:\/\/magriffeetmaplume.com\/index.php?rest_route=%2Fwp%2Fv2%2Ftags&post=1733"}],"curies":[{"name":"wp","href":"https:\/\/api.w.org\/{rel}","templated":true}]}}